{"id":1841,"date":"2022-07-05T11:43:56","date_gmt":"2022-07-05T09:43:56","guid":{"rendered":"https:\/\/comercialgodo.com\/la-magica-quimica-del-cafe\/"},"modified":"2024-05-30T10:21:56","modified_gmt":"2024-05-30T08:21:56","slug":"la-magica-quimica-del-cafe","status":"publish","type":"post","link":"https:\/\/comercialgodo.com\/en\/la-magica-quimica-del-cafe\/","title":{"rendered":"LA M\u00c1GICA QU\u00cdMICA DEL CAF\u00c9"},"content":{"rendered":"<p>El\u00a0<strong>caf\u00e9<\/strong>\u00a0para muchos de nosotros es parte de nuestra rutina diaria y se encuentra entre las bebidas m\u00e1s importantes y consumidas del mundo, superando con creces a los refrescos de cola y \u00a1a la cerveza! Pero a que seguro no sab\u00edas \u00a1los sorprendentes\u00a0<strong>beneficios qu\u00edmicos<\/strong>\u00a0que este producto puede tener sobre tu cuerpo!<\/p>\n<p><strong>Entre algunos podemos encontrar<\/strong><\/p>\n<ul>\n<li><strong>Propiedades antioxidantes:<\/strong>\u00a0El caf\u00e9 puede tener\u00a0<strong>acciones antioxidantes y antiinflamatorias<\/strong>\u00a0para nuestro cuerpo debido a sus componentes principales que ejercen tales efectos como son los compuestos fen\u00f3licos, cafe\u00edna, diterpenos, trigonelina y melanoidinas. Dichos compuestos se encuentran m\u00e1s altos en las semillas de caf\u00e9 verde que junto con los taninos, lignanos y antocianinas pueden determinar el sabor, calidad y aroma del mismo.<\/li>\n<li><strong>Microbiota:<\/strong>\u00a0Los efectos antiinflamatorios tambi\u00e9n pueden estar mediados por la alteraci\u00f3n de la flora o\u00a0<a href=\"https:\/\/es.wikipedia.org\/wiki\/Microbiota_intestinal\" target=\"_blank\" rel=\"noopener\">microbiota intestinal<\/a>, por lo que nuestro amado caf\u00e9 puede modificar la relaci\u00f3n entre los principales grupos de microorganismos intestinales como pueden ser (Proteobacterias, actinobacterias, bacteroidetes y firmicutes) \u00a1Todo a nuestro favor para perder peso!<\/li>\n<li><strong>Salud mental:<\/strong>\u00a0La\u00a0<strong>cafe\u00edna<\/strong>, al igual que otros compuestos tambi\u00e9n presentes en el caf\u00e9, pueden desempe\u00f1ar una acci\u00f3n neuroprotectora en el organismo, adem\u00e1s de liberar beneficios como la dopamina y su efecto antioxidante asociado con la\u00a0<a href=\"https:\/\/es.wikipedia.org\/wiki\/Neurog%C3%A9nesis\" target=\"_blank\" rel=\"noopener\">neurog\u00e9nesis<\/a>.<\/li>\n<\/ul>\n<p>Para no consumidores de caf\u00e9, se recomienda empezar por unas dosis peque\u00f1as y de buena calidad debido a que la cafe\u00edna puede producir aumentos agudos en la presi\u00f3n arterial y como consecuencia efectos significativos en los vasos sangu\u00edneos en bebedores no habituales.<\/p>\n<p>Al igual, se recomienda no consumir caf\u00e9 durante el embarazo, ya que se ha encontrado asociaci\u00f3n con bajo peso del beb\u00e9 al nacer y posibles p\u00e9rdidas del embarazo, debido a que la\u00a0<a href=\"https:\/\/comercialgodo.com\/por-que-el-cafe-nos-mantiene-despiertos\/#.YsQfyHZBxaQ\" target=\"_blank\" rel=\"noopener\">cafe\u00edna<\/a>\u00a0puede pasar a trav\u00e9s de las barreras placentarias, exponiendo al feto durante periodos largos que puede afectar su crecimiento.<\/p>\n<p>En todo caso, la ciencia indica que el caf\u00e9 puede ser parte de una dieta saludable, por lo que como m\u00e1s natural se haga, \u00a1mucho mejor!<\/p>\n","protected":false},"excerpt":{"rendered":"<p>El\u00a0caf\u00e9\u00a0para muchos de nosotros es parte de nuestra rutina diaria y se encuentra entre las bebidas m\u00e1s importantes y consumidas del mundo, superando con creces a los refrescos de cola y \u00a1a la cerveza! Pero a que seguro no sab\u00edas \u00a1los sorprendentes\u00a0beneficios qu\u00edmicos\u00a0que este producto puede tener sobre tu cuerpo! Entre algunos podemos encontrar Propiedades [&hellip;]<\/p>\n","protected":false},"author":1,"featured_media":1601,"comment_status":"open","ping_status":"open","sticky":false,"template":"","format":"standard","meta":{"footnotes":""},"categories":[288],"tags":[],"class_list":["post-1841","post","type-post","status-publish","format-standard","has-post-thumbnail","hentry","category-blog-en"],"yoast_head":"<!-- This site is optimized with the Yoast SEO plugin v27.5 - https:\/\/yoast.com\/product\/yoast-seo-wordpress\/ -->\n<title>LA M\u00c1GICA QU\u00cdMICA DEL CAF\u00c9 - Comercial God\u00f3<\/title>\n<meta name=\"robots\" content=\"index, follow, max-snippet:-1, max-image-preview:large, max-video-preview:-1\" \/>\n<link rel=\"canonical\" href=\"https:\/\/comercialgodo.com\/en\/la-magica-quimica-del-cafe\/\" \/>\n<meta property=\"og:locale\" content=\"en_US\" \/>\n<meta property=\"og:type\" content=\"article\" \/>\n<meta property=\"og:title\" content=\"LA M\u00c1GICA QU\u00cdMICA DEL CAF\u00c9 - Comercial God\u00f3\" \/>\n<meta property=\"og:description\" content=\"El\u00a0caf\u00e9\u00a0para muchos de nosotros es parte de nuestra rutina diaria y se encuentra entre las bebidas m\u00e1s importantes y consumidas del mundo, superando con creces a los refrescos de cola y \u00a1a la cerveza! Pero a que seguro no sab\u00edas \u00a1los sorprendentes\u00a0beneficios qu\u00edmicos\u00a0que este producto puede tener sobre tu cuerpo! Entre algunos podemos encontrar Propiedades [&hellip;]\" \/>\n<meta property=\"og:url\" content=\"https:\/\/comercialgodo.com\/en\/la-magica-quimica-del-cafe\/\" \/>\n<meta property=\"og:site_name\" content=\"Comercial God\u00f3\" \/>\n<meta property=\"article:published_time\" content=\"2022-07-05T09:43:56+00:00\" \/>\n<meta property=\"article:modified_time\" content=\"2024-05-30T08:21:56+00:00\" \/>\n<meta property=\"og:image\" content=\"https:\/\/comercialgodo.com\/wp-content\/uploads\/2024\/05\/Sin-titulo-860-x-640-px-1.jpg\" \/>\n\t<meta property=\"og:image:width\" content=\"860\" \/>\n\t<meta property=\"og:image:height\" content=\"640\" \/>\n\t<meta property=\"og:image:type\" content=\"image\/jpeg\" \/>\n<meta name=\"author\" content=\"comercial\" \/>\n<meta name=\"twitter:card\" content=\"summary_large_image\" \/>\n<meta name=\"twitter:label1\" content=\"Written by\" \/>\n\t<meta name=\"twitter:data1\" content=\"comercial\" \/>\n\t<meta name=\"twitter:label2\" content=\"Est. reading time\" \/>\n\t<meta name=\"twitter:data2\" content=\"2 minutes\" \/>\n<script type=\"application\/ld+json\" class=\"yoast-schema-graph\">{\"@context\":\"https:\\\/\\\/schema.org\",\"@graph\":[{\"@type\":\"Article\",\"@id\":\"https:\\\/\\\/comercialgodo.com\\\/en\\\/la-magica-quimica-del-cafe\\\/#article\",\"isPartOf\":{\"@id\":\"https:\\\/\\\/comercialgodo.com\\\/en\\\/la-magica-quimica-del-cafe\\\/\"},\"author\":{\"name\":\"comercial\",\"@id\":\"https:\\\/\\\/comercialgodo.com\\\/#\\\/schema\\\/person\\\/ef2d34b048e8d3bc965a31f46565c47f\"},\"headline\":\"LA M\u00c1GICA QU\u00cdMICA DEL CAF\u00c9\",\"datePublished\":\"2022-07-05T09:43:56+00:00\",\"dateModified\":\"2024-05-30T08:21:56+00:00\",\"mainEntityOfPage\":{\"@id\":\"https:\\\/\\\/comercialgodo.com\\\/en\\\/la-magica-quimica-del-cafe\\\/\"},\"wordCount\":356,\"commentCount\":0,\"image\":{\"@id\":\"https:\\\/\\\/comercialgodo.com\\\/en\\\/la-magica-quimica-del-cafe\\\/#primaryimage\"},\"thumbnailUrl\":\"https:\\\/\\\/comercialgodo.com\\\/wp-content\\\/uploads\\\/2024\\\/05\\\/Sin-titulo-860-x-640-px-1.jpg\",\"articleSection\":[\"Blog\"],\"inLanguage\":\"en-US\"},{\"@type\":\"WebPage\",\"@id\":\"https:\\\/\\\/comercialgodo.com\\\/en\\\/la-magica-quimica-del-cafe\\\/\",\"url\":\"https:\\\/\\\/comercialgodo.com\\\/en\\\/la-magica-quimica-del-cafe\\\/\",\"name\":\"LA M\u00c1GICA QU\u00cdMICA DEL CAF\u00c9 - Comercial God\u00f3\",\"isPartOf\":{\"@id\":\"https:\\\/\\\/comercialgodo.com\\\/#website\"},\"primaryImageOfPage\":{\"@id\":\"https:\\\/\\\/comercialgodo.com\\\/en\\\/la-magica-quimica-del-cafe\\\/#primaryimage\"},\"image\":{\"@id\":\"https:\\\/\\\/comercialgodo.com\\\/en\\\/la-magica-quimica-del-cafe\\\/#primaryimage\"},\"thumbnailUrl\":\"https:\\\/\\\/comercialgodo.com\\\/wp-content\\\/uploads\\\/2024\\\/05\\\/Sin-titulo-860-x-640-px-1.jpg\",\"datePublished\":\"2022-07-05T09:43:56+00:00\",\"dateModified\":\"2024-05-30T08:21:56+00:00\",\"author\":{\"@id\":\"https:\\\/\\\/comercialgodo.com\\\/#\\\/schema\\\/person\\\/ef2d34b048e8d3bc965a31f46565c47f\"},\"breadcrumb\":{\"@id\":\"https:\\\/\\\/comercialgodo.com\\\/en\\\/la-magica-quimica-del-cafe\\\/#breadcrumb\"},\"inLanguage\":\"en-US\",\"potentialAction\":[{\"@type\":\"ReadAction\",\"target\":[\"https:\\\/\\\/comercialgodo.com\\\/en\\\/la-magica-quimica-del-cafe\\\/\"]}]},{\"@type\":\"ImageObject\",\"inLanguage\":\"en-US\",\"@id\":\"https:\\\/\\\/comercialgodo.com\\\/en\\\/la-magica-quimica-del-cafe\\\/#primaryimage\",\"url\":\"https:\\\/\\\/comercialgodo.com\\\/wp-content\\\/uploads\\\/2024\\\/05\\\/Sin-titulo-860-x-640-px-1.jpg\",\"contentUrl\":\"https:\\\/\\\/comercialgodo.com\\\/wp-content\\\/uploads\\\/2024\\\/05\\\/Sin-titulo-860-x-640-px-1.jpg\",\"width\":860,\"height\":640},{\"@type\":\"BreadcrumbList\",\"@id\":\"https:\\\/\\\/comercialgodo.com\\\/en\\\/la-magica-quimica-del-cafe\\\/#breadcrumb\",\"itemListElement\":[{\"@type\":\"ListItem\",\"position\":1,\"name\":\"Portada\",\"item\":\"https:\\\/\\\/comercialgodo.com\\\/en\\\/\"},{\"@type\":\"ListItem\",\"position\":2,\"name\":\"LA M\u00c1GICA QU\u00cdMICA DEL CAF\u00c9\"}]},{\"@type\":\"WebSite\",\"@id\":\"https:\\\/\\\/comercialgodo.com\\\/#website\",\"url\":\"https:\\\/\\\/comercialgodo.com\\\/\",\"name\":\"Comercial God\u00f3\",\"description\":\"Productes Quimics\",\"potentialAction\":[{\"@type\":\"SearchAction\",\"target\":{\"@type\":\"EntryPoint\",\"urlTemplate\":\"https:\\\/\\\/comercialgodo.com\\\/?s={search_term_string}\"},\"query-input\":{\"@type\":\"PropertyValueSpecification\",\"valueRequired\":true,\"valueName\":\"search_term_string\"}}],\"inLanguage\":\"en-US\"},{\"@type\":\"Person\",\"@id\":\"https:\\\/\\\/comercialgodo.com\\\/#\\\/schema\\\/person\\\/ef2d34b048e8d3bc965a31f46565c47f\",\"name\":\"comercial\",\"image\":{\"@type\":\"ImageObject\",\"inLanguage\":\"en-US\",\"@id\":\"https:\\\/\\\/secure.gravatar.com\\\/avatar\\\/c7cd817dbd61879c662c2c4ad4b9570002f5c68839098c8b588b1c9e2255e5d3?s=96&d=mm&r=g\",\"url\":\"https:\\\/\\\/secure.gravatar.com\\\/avatar\\\/c7cd817dbd61879c662c2c4ad4b9570002f5c68839098c8b588b1c9e2255e5d3?s=96&d=mm&r=g\",\"contentUrl\":\"https:\\\/\\\/secure.gravatar.com\\\/avatar\\\/c7cd817dbd61879c662c2c4ad4b9570002f5c68839098c8b588b1c9e2255e5d3?s=96&d=mm&r=g\",\"caption\":\"comercial\"},\"sameAs\":[\"https:\\\/\\\/comercialgodo.com\"],\"url\":\"https:\\\/\\\/comercialgodo.com\\\/en\\\/author\\\/comercial\\\/\"}]}<\/script>\n<!-- \/ Yoast SEO plugin. -->","yoast_head_json":{"title":"LA M\u00c1GICA QU\u00cdMICA DEL CAF\u00c9 - Comercial God\u00f3","robots":{"index":"index","follow":"follow","max-snippet":"max-snippet:-1","max-image-preview":"max-image-preview:large","max-video-preview":"max-video-preview:-1"},"canonical":"https:\/\/comercialgodo.com\/en\/la-magica-quimica-del-cafe\/","og_locale":"en_US","og_type":"article","og_title":"LA M\u00c1GICA QU\u00cdMICA DEL CAF\u00c9 - Comercial God\u00f3","og_description":"El\u00a0caf\u00e9\u00a0para muchos de nosotros es parte de nuestra rutina diaria y se encuentra entre las bebidas m\u00e1s importantes y consumidas del mundo, superando con creces a los refrescos de cola y \u00a1a la cerveza! Pero a que seguro no sab\u00edas \u00a1los sorprendentes\u00a0beneficios qu\u00edmicos\u00a0que este producto puede tener sobre tu cuerpo! Entre algunos podemos encontrar Propiedades [&hellip;]","og_url":"https:\/\/comercialgodo.com\/en\/la-magica-quimica-del-cafe\/","og_site_name":"Comercial God\u00f3","article_published_time":"2022-07-05T09:43:56+00:00","article_modified_time":"2024-05-30T08:21:56+00:00","og_image":[{"width":860,"height":640,"url":"https:\/\/comercialgodo.com\/wp-content\/uploads\/2024\/05\/Sin-titulo-860-x-640-px-1.jpg","type":"image\/jpeg"}],"author":"comercial","twitter_card":"summary_large_image","twitter_misc":{"Written by":"comercial","Est. reading time":"2 minutes"},"schema":{"@context":"https:\/\/schema.org","@graph":[{"@type":"Article","@id":"https:\/\/comercialgodo.com\/en\/la-magica-quimica-del-cafe\/#article","isPartOf":{"@id":"https:\/\/comercialgodo.com\/en\/la-magica-quimica-del-cafe\/"},"author":{"name":"comercial","@id":"https:\/\/comercialgodo.com\/#\/schema\/person\/ef2d34b048e8d3bc965a31f46565c47f"},"headline":"LA M\u00c1GICA QU\u00cdMICA DEL CAF\u00c9","datePublished":"2022-07-05T09:43:56+00:00","dateModified":"2024-05-30T08:21:56+00:00","mainEntityOfPage":{"@id":"https:\/\/comercialgodo.com\/en\/la-magica-quimica-del-cafe\/"},"wordCount":356,"commentCount":0,"image":{"@id":"https:\/\/comercialgodo.com\/en\/la-magica-quimica-del-cafe\/#primaryimage"},"thumbnailUrl":"https:\/\/comercialgodo.com\/wp-content\/uploads\/2024\/05\/Sin-titulo-860-x-640-px-1.jpg","articleSection":["Blog"],"inLanguage":"en-US"},{"@type":"WebPage","@id":"https:\/\/comercialgodo.com\/en\/la-magica-quimica-del-cafe\/","url":"https:\/\/comercialgodo.com\/en\/la-magica-quimica-del-cafe\/","name":"LA M\u00c1GICA QU\u00cdMICA DEL CAF\u00c9 - Comercial God\u00f3","isPartOf":{"@id":"https:\/\/comercialgodo.com\/#website"},"primaryImageOfPage":{"@id":"https:\/\/comercialgodo.com\/en\/la-magica-quimica-del-cafe\/#primaryimage"},"image":{"@id":"https:\/\/comercialgodo.com\/en\/la-magica-quimica-del-cafe\/#primaryimage"},"thumbnailUrl":"https:\/\/comercialgodo.com\/wp-content\/uploads\/2024\/05\/Sin-titulo-860-x-640-px-1.jpg","datePublished":"2022-07-05T09:43:56+00:00","dateModified":"2024-05-30T08:21:56+00:00","author":{"@id":"https:\/\/comercialgodo.com\/#\/schema\/person\/ef2d34b048e8d3bc965a31f46565c47f"},"breadcrumb":{"@id":"https:\/\/comercialgodo.com\/en\/la-magica-quimica-del-cafe\/#breadcrumb"},"inLanguage":"en-US","potentialAction":[{"@type":"ReadAction","target":["https:\/\/comercialgodo.com\/en\/la-magica-quimica-del-cafe\/"]}]},{"@type":"ImageObject","inLanguage":"en-US","@id":"https:\/\/comercialgodo.com\/en\/la-magica-quimica-del-cafe\/#primaryimage","url":"https:\/\/comercialgodo.com\/wp-content\/uploads\/2024\/05\/Sin-titulo-860-x-640-px-1.jpg","contentUrl":"https:\/\/comercialgodo.com\/wp-content\/uploads\/2024\/05\/Sin-titulo-860-x-640-px-1.jpg","width":860,"height":640},{"@type":"BreadcrumbList","@id":"https:\/\/comercialgodo.com\/en\/la-magica-quimica-del-cafe\/#breadcrumb","itemListElement":[{"@type":"ListItem","position":1,"name":"Portada","item":"https:\/\/comercialgodo.com\/en\/"},{"@type":"ListItem","position":2,"name":"LA M\u00c1GICA QU\u00cdMICA DEL CAF\u00c9"}]},{"@type":"WebSite","@id":"https:\/\/comercialgodo.com\/#website","url":"https:\/\/comercialgodo.com\/","name":"Comercial God\u00f3","description":"Productes Quimics","potentialAction":[{"@type":"SearchAction","target":{"@type":"EntryPoint","urlTemplate":"https:\/\/comercialgodo.com\/?s={search_term_string}"},"query-input":{"@type":"PropertyValueSpecification","valueRequired":true,"valueName":"search_term_string"}}],"inLanguage":"en-US"},{"@type":"Person","@id":"https:\/\/comercialgodo.com\/#\/schema\/person\/ef2d34b048e8d3bc965a31f46565c47f","name":"comercial","image":{"@type":"ImageObject","inLanguage":"en-US","@id":"https:\/\/secure.gravatar.com\/avatar\/c7cd817dbd61879c662c2c4ad4b9570002f5c68839098c8b588b1c9e2255e5d3?s=96&d=mm&r=g","url":"https:\/\/secure.gravatar.com\/avatar\/c7cd817dbd61879c662c2c4ad4b9570002f5c68839098c8b588b1c9e2255e5d3?s=96&d=mm&r=g","contentUrl":"https:\/\/secure.gravatar.com\/avatar\/c7cd817dbd61879c662c2c4ad4b9570002f5c68839098c8b588b1c9e2255e5d3?s=96&d=mm&r=g","caption":"comercial"},"sameAs":["https:\/\/comercialgodo.com"],"url":"https:\/\/comercialgodo.com\/en\/author\/comercial\/"}]}},"_links":{"self":[{"href":"https:\/\/comercialgodo.com\/en\/wp-json\/wp\/v2\/posts\/1841","targetHints":{"allow":["GET"]}}],"collection":[{"href":"https:\/\/comercialgodo.com\/en\/wp-json\/wp\/v2\/posts"}],"about":[{"href":"https:\/\/comercialgodo.com\/en\/wp-json\/wp\/v2\/types\/post"}],"author":[{"embeddable":true,"href":"https:\/\/comercialgodo.com\/en\/wp-json\/wp\/v2\/users\/1"}],"replies":[{"embeddable":true,"href":"https:\/\/comercialgodo.com\/en\/wp-json\/wp\/v2\/comments?post=1841"}],"version-history":[{"count":1,"href":"https:\/\/comercialgodo.com\/en\/wp-json\/wp\/v2\/posts\/1841\/revisions"}],"predecessor-version":[{"id":1850,"href":"https:\/\/comercialgodo.com\/en\/wp-json\/wp\/v2\/posts\/1841\/revisions\/1850"}],"wp:featuredmedia":[{"embeddable":true,"href":"https:\/\/comercialgodo.com\/en\/wp-json\/wp\/v2\/media\/1601"}],"wp:attachment":[{"href":"https:\/\/comercialgodo.com\/en\/wp-json\/wp\/v2\/media?parent=1841"}],"wp:term":[{"taxonomy":"category","embeddable":true,"href":"https:\/\/comercialgodo.com\/en\/wp-json\/wp\/v2\/categories?post=1841"},{"taxonomy":"post_tag","embeddable":true,"href":"https:\/\/comercialgodo.com\/en\/wp-json\/wp\/v2\/tags?post=1841"}],"curies":[{"name":"wp","href":"https:\/\/api.w.org\/{rel}","templated":true}]}}